{"id":12182,"date":"2016-05-31T18:09:41","date_gmt":"2016-05-31T17:09:41","guid":{"rendered":"http:\/\/saheltv.tn\/?p=12182"},"modified":"2016-06-02T09:17:04","modified_gmt":"2016-06-02T08:17:04","slug":"cloture-de-salon-internationale-tourisme","status":"publish","type":"post","link":"https:\/\/saheltv.tn\/?p=12182&lang=fr","title":{"rendered":"Cl\u00f4ture de salon internationale du tourisme 28-05-2016"},"content":{"rendered":"<p style=\"line-height: 25px; text-align: justify;\"><strong>Ev\u00e9nements<\/strong> s\u2019int\u00e9resse aux \u00e9v\u00e9nements r\u00e9gionaux,elle maintient \u00e0 les suivre et les traiter du point de vue des citoyens de la r\u00e9gion du Sahel &#8230; <strong>Cl\u00f4ture de salon internationale du tourisme avec la pr\u00e9sence de ministre de transport<\/strong><\/p>\n<p><iframe title=\"\u0625\u062e\u062a\u062a\u0627\u0645 \u0627\u0644\u0635\u0627\u0644\u0648\u0646 \u0627\u0644\u062f\u0648\u0644\u064a \u0644\u0644\u0633\u064a\u0627\u062d\u0629 \u0628\u062d\u0636\u0648\u0631 \u0627\u0644\u0633\u064a\u062f \u0623\u0646\u064a\u0633 \u063a\u062f\u064a\u0631\u0629 \u0648\u0632\u064a\u0631 \u0627\u0644\u0646\u0642\u0644 28-05-2016\" width=\"1320\" height=\"743\" src=\"https:\/\/www.youtube.com\/embed\/JLgzLiVbfWk?feature=oembed\" frameborder=\"0\" allow=\"accelerometer; autoplay; clipboard-write; encrypted-media; gyroscope; picture-in-picture; web-share\" allowfullscreen><\/iframe><script type=\"application\/json\" data-arve-oembed>{\"title\":\"\u0625\u062e\u062a\u062a\u0627\u0645 \u0627\u0644\u0635\u0627\u0644\u0648\u0646 \u0627\u0644\u062f\u0648\u0644\u064a \u0644\u0644\u0633\u064a\u0627\u062d\u0629 \u0628\u062d\u0636\u0648\u0631 \u0627\u0644\u0633\u064a\u062f \u0623\u0646\u064a\u0633 \u063a\u062f\u064a\u0631\u0629 \u0648\u0632\u064a\u0631 \u0627\u0644\u0646\u0642\u0644 28-05-2016\",\"author_name\":\"Replay\",\"author_url\":\"https:\/\/www.youtube.com\/@SahelTunisianVoice\",\"type\":\"video\",\"height\":\"743\",\"width\":\"1320\",\"version\":\"1.0\",\"provider_name\":\"YouTube\",\"provider_url\":\"https:\/\/www.youtube.com\/\",\"thumbnail_height\":\"360\",\"thumbnail_width\":\"480\",\"thumbnail_url\":\"https:\/\/i.ytimg.com\/vi\/JLgzLiVbfWk\/hqdefault.jpg\",\"html\":\"&lt;iframe width=&quot;1320&quot; height=&quot;743&quot; src=&quot;https:\/\/www.youtube.com\/embed\/JLgzLiVbfWk?feature=oembed&quot; frameborder=&quot;0&quot; allow=&quot;accelerometer; autoplay; clipboard-write; encrypted-media; gyroscope; picture-in-picture; web-share&quot; allowfullscreen title=&quot;\u0625\u062e\u062a\u062a\u0627\u0645 \u0627\u0644\u0635\u0627\u0644\u0648\u0646 \u0627\u0644\u062f\u0648\u0644\u064a \u0644\u0644\u0633\u064a\u0627\u062d\u0629 \u0628\u062d\u0636\u0648\u0631 \u0627\u0644\u0633\u064a\u062f \u0623\u0646\u064a\u0633 \u063a\u062f\u064a\u0631\u0629 \u0648\u0632\u064a\u0631 \u0627\u0644\u0646\u0642\u0644 28-05-2016&quot;&gt;&lt;\/iframe&gt;\",\"arve_cachetime\":\"2023-08-19 05:53:54\",\"arve_url\":\"https:\/\/www.youtube.com\/watch?v=JLgzLiVbfWk\",\"arve_srcset\":\"https:\/\/i.ytimg.com\/vi\/JLgzLiVbfWk\/mqdefault.jpg 320w, https:\/\/i.ytimg.com\/vi\/JLgzLiVbfWk\/hqdefault.jpg 480w, https:\/\/i.ytimg.com\/vi\/JLgzLiVbfWk\/sddefault.jpg 640w, https:\/\/i.ytimg.com\/vi\/JLgzLiVbfWk\/maxresdefault.jpg 1280w\"}<\/script><\/p>\n","protected":false},"excerpt":{"rendered":"<p>Ev\u00e9nements s\u2019int\u00e9resse aux \u00e9v\u00e9nements r\u00e9gionaux,elle maintient \u00e0 les suivre et les traiter du point de vue des citoyens de la r\u00e9gion du Sahel &#8230; Cl\u00f4ture de salon internationale du tourisme avec la pr\u00e9sence de ministre de transport<\/p>\n","protected":false},"author":2,"featured_media":12181,"comment_status":"closed","ping_status":"closed","sticky":false,"template":"","format":"video","meta":{"footnotes":""},"categories":[70],"tags":[],"class_list":["post-12182","post","type-post","status-publish","format-video","has-post-thumbnail","hentry","category-evenements","post_format-post-format-video"],"aioseo_notices":[],"aioseo_head":"\n\t\t<!-- All in One SEO 4.9.9 - aioseo.com -->\n\t<meta name=\"description\" content=\"Ev\u00e9nements s\u2019int\u00e9resse aux \u00e9v\u00e9nements r\u00e9gionaux,elle maintient \u00e0 les suivre et les traiter du point de vue des citoyens de la r\u00e9gion du Sahel ... Cl\u00f4ture de salon internationale du tourisme avec la pr\u00e9sence de ministre de transport https:\/\/www.youtube.com\/watch?v=JLgzLiVbfWk\" \/>\n\t<meta name=\"robots\" content=\"max-image-preview:large\" \/>\n\t<meta name=\"author\" content=\"Manager Sousse TV\"\/>\n\t<meta name=\"google-site-verification\" content=\"m6pGghRba1KF4JvMPeoEySgRHpQVZ-8-4pC5HKi6D64\" \/>\n\t<meta name=\"msvalidate.01\" content=\"13F368D2E48C4509EA9F820CFF94B827\" \/>\n\t<meta name=\"p:domain_verify\" content=\"26b0c8efa5f280d2e1048f12f4f1084b\" \/>\n\t<link rel=\"canonical\" href=\"https:\/\/saheltv.tn\/?p=12182&#038;lang=fr\" \/>\n\t<meta name=\"generator\" content=\"All in One SEO (AIOSEO) 4.9.9\" \/>\n\t\t<meta property=\"og:locale\" content=\"fr_FR\" \/>\n\t\t<meta property=\"og:site_name\" content=\"Sahel TV | \u0642\u0646\u0627\u0629 \u0635\u0648\u062a \u0627\u0644\u0633\u0627\u062d\u0644 \u0627\u0644\u062a\u0648\u0646\u0633\u064a\" \/>\n\t\t<meta property=\"og:type\" content=\"article\" \/>\n\t\t<meta property=\"og:title\" content=\"Cl\u00f4ture de salon internationale du tourisme 28-05-2016 | Sahel TV | \u0642\u0646\u0627\u0629 \u0635\u0648\u062a \u0627\u0644\u0633\u0627\u062d\u0644 \u0627\u0644\u062a\u0648\u0646\u0633\u064a\" \/>\n\t\t<meta property=\"og:description\" content=\"Ev\u00e9nements s\u2019int\u00e9resse aux \u00e9v\u00e9nements r\u00e9gionaux,elle maintient \u00e0 les suivre et les traiter du point de vue des citoyens de la r\u00e9gion du Sahel ... Cl\u00f4ture de salon internationale du tourisme avec la pr\u00e9sence de ministre de transport https:\/\/www.youtube.com\/watch?v=JLgzLiVbfWk\" \/>\n\t\t<meta property=\"og:url\" content=\"https:\/\/saheltv.tn\/?p=12182&#038;lang=fr\" \/>\n\t\t<meta property=\"og:image\" content=\"https:\/\/saheltv.tn\/wp-content\/uploads\/2016\/05\/28-05-2016-1.jpg\" \/>\n\t\t<meta property=\"og:image:secure_url\" content=\"https:\/\/saheltv.tn\/wp-content\/uploads\/2016\/05\/28-05-2016-1.jpg\" \/>\n\t\t<meta property=\"og:image:width\" content=\"1280\" \/>\n\t\t<meta property=\"og:image:height\" content=\"720\" \/>\n\t\t<meta property=\"article:tag\" content=\"ev\u00e9nements\" \/>\n\t\t<meta property=\"article:published_time\" content=\"2016-05-31T17:09:41+00:00\" \/>\n\t\t<meta property=\"article:modified_time\" content=\"2016-06-02T08:17:04+00:00\" \/>\n\t\t<meta name=\"twitter:card\" content=\"summary\" \/>\n\t\t<meta name=\"twitter:title\" content=\"Cl\u00f4ture de salon internationale du tourisme 28-05-2016 | Sahel TV | \u0642\u0646\u0627\u0629 \u0635\u0648\u062a \u0627\u0644\u0633\u0627\u062d\u0644 \u0627\u0644\u062a\u0648\u0646\u0633\u064a\" \/>\n\t\t<meta name=\"twitter:description\" content=\"Ev\u00e9nements s\u2019int\u00e9resse aux \u00e9v\u00e9nements r\u00e9gionaux,elle maintient \u00e0 les suivre et les traiter du point de vue des citoyens de la r\u00e9gion du Sahel ... Cl\u00f4ture de salon internationale du tourisme avec la pr\u00e9sence de ministre de transport https:\/\/www.youtube.com\/watch?v=JLgzLiVbfWk\" \/>\n\t\t<meta name=\"twitter:image\" content=\"https:\/\/saheltv.tn\/wp-content\/uploads\/2016\/05\/28-05-2016-1.jpg\" \/>\n\t\t<script type=\"application\/ld+json\" class=\"aioseo-schema\">\n\t\t\t{\"@context\":\"https:\\\/\\\/schema.org\",\"@graph\":[{\"@type\":\"Article\",\"@id\":\"https:\\\/\\\/saheltv.tn\\\/?p=12182&lang=fr#article\",\"name\":\"Cl\\u00f4ture de salon internationale du tourisme 28-05-2016 | Sahel TV | \\u0642\\u0646\\u0627\\u0629 \\u0635\\u0648\\u062a \\u0627\\u0644\\u0633\\u0627\\u062d\\u0644 \\u0627\\u0644\\u062a\\u0648\\u0646\\u0633\\u064a\",\"headline\":\"Cl\\u00f4ture de salon internationale du tourisme 28-05-2016\",\"author\":{\"@id\":\"https:\\\/\\\/saheltv.tn\\\/?author=2#author\"},\"publisher\":{\"@id\":\"https:\\\/\\\/saheltv.tn\\\/#organization\"},\"image\":{\"@type\":\"ImageObject\",\"url\":\"https:\\\/\\\/saheltv.tn\\\/wp-content\\\/uploads\\\/2016\\\/05\\\/28-05-2016-1.jpg\",\"width\":1280,\"height\":720},\"datePublished\":\"2016-05-31T18:09:41+01:00\",\"dateModified\":\"2016-06-02T09:17:04+01:00\",\"inLanguage\":\"fr-FR\",\"mainEntityOfPage\":{\"@id\":\"https:\\\/\\\/saheltv.tn\\\/?p=12182&lang=fr#webpage\"},\"isPartOf\":{\"@id\":\"https:\\\/\\\/saheltv.tn\\\/?p=12182&lang=fr#webpage\"},\"articleSection\":\"Ev\\u00e9nements, Vid\\u00e9o, Fran\\u00e7ais, pll_574dc555d1528\"},{\"@type\":\"BreadcrumbList\",\"@id\":\"https:\\\/\\\/saheltv.tn\\\/?p=12182&lang=fr#breadcrumblist\",\"itemListElement\":[{\"@type\":\"ListItem\",\"@id\":\"https:\\\/\\\/saheltv.tn#listItem\",\"position\":1,\"name\":\"Home\",\"item\":\"https:\\\/\\\/saheltv.tn\",\"nextItem\":{\"@type\":\"ListItem\",\"@id\":\"https:\\\/\\\/saheltv.tn\\\/?cat=6&lang=fr#listItem\",\"name\":\"Emissions\"}},{\"@type\":\"ListItem\",\"@id\":\"https:\\\/\\\/saheltv.tn\\\/?cat=6&lang=fr#listItem\",\"position\":2,\"name\":\"Emissions\",\"item\":\"https:\\\/\\\/saheltv.tn\\\/?cat=6&lang=fr\",\"nextItem\":{\"@type\":\"ListItem\",\"@id\":\"https:\\\/\\\/saheltv.tn\\\/?cat=70&lang=fr#listItem\",\"name\":\"Ev\\u00e9nements\"},\"previousItem\":{\"@type\":\"ListItem\",\"@id\":\"https:\\\/\\\/saheltv.tn#listItem\",\"name\":\"Home\"}},{\"@type\":\"ListItem\",\"@id\":\"https:\\\/\\\/saheltv.tn\\\/?cat=70&lang=fr#listItem\",\"position\":3,\"name\":\"Ev\\u00e9nements\",\"item\":\"https:\\\/\\\/saheltv.tn\\\/?cat=70&lang=fr\",\"nextItem\":{\"@type\":\"ListItem\",\"@id\":\"https:\\\/\\\/saheltv.tn\\\/?p=12182&lang=fr#listItem\",\"name\":\"Cl\\u00f4ture de salon internationale du tourisme 28-05-2016\"},\"previousItem\":{\"@type\":\"ListItem\",\"@id\":\"https:\\\/\\\/saheltv.tn\\\/?cat=6&lang=fr#listItem\",\"name\":\"Emissions\"}},{\"@type\":\"ListItem\",\"@id\":\"https:\\\/\\\/saheltv.tn\\\/?p=12182&lang=fr#listItem\",\"position\":4,\"name\":\"Cl\\u00f4ture de salon internationale du tourisme 28-05-2016\",\"previousItem\":{\"@type\":\"ListItem\",\"@id\":\"https:\\\/\\\/saheltv.tn\\\/?cat=70&lang=fr#listItem\",\"name\":\"Ev\\u00e9nements\"}}]},{\"@type\":\"Organization\",\"@id\":\"https:\\\/\\\/saheltv.tn\\\/#organization\",\"name\":\"Sahel TV | \\u0642\\u0646\\u0627\\u0629 \\u0635\\u0648\\u062a \\u0627\\u0644\\u0633\\u0627\\u062d\\u0644 \\u0627\\u0644\\u062a\\u0648\\u0646\\u0633\\u064a\",\"description\":\"STV\",\"url\":\"https:\\\/\\\/saheltv.tn\\\/\"},{\"@type\":\"Person\",\"@id\":\"https:\\\/\\\/saheltv.tn\\\/?author=2#author\",\"url\":\"https:\\\/\\\/saheltv.tn\\\/?author=2\",\"name\":\"Manager Sousse TV\"},{\"@type\":\"WebPage\",\"@id\":\"https:\\\/\\\/saheltv.tn\\\/?p=12182&lang=fr#webpage\",\"url\":\"https:\\\/\\\/saheltv.tn\\\/?p=12182&lang=fr\",\"name\":\"Cl\\u00f4ture de salon internationale du tourisme 28-05-2016 | Sahel TV | \\u0642\\u0646\\u0627\\u0629 \\u0635\\u0648\\u062a \\u0627\\u0644\\u0633\\u0627\\u062d\\u0644 \\u0627\\u0644\\u062a\\u0648\\u0646\\u0633\\u064a\",\"description\":\"Ev\\u00e9nements s\\u2019int\\u00e9resse aux \\u00e9v\\u00e9nements r\\u00e9gionaux,elle maintient \\u00e0 les suivre et les traiter du point de vue des citoyens de la r\\u00e9gion du Sahel ... Cl\\u00f4ture de salon internationale du tourisme avec la pr\\u00e9sence de ministre de transport https:\\\/\\\/www.youtube.com\\\/watch?v=JLgzLiVbfWk\",\"inLanguage\":\"fr-FR\",\"isPartOf\":{\"@id\":\"https:\\\/\\\/saheltv.tn\\\/#website\"},\"breadcrumb\":{\"@id\":\"https:\\\/\\\/saheltv.tn\\\/?p=12182&lang=fr#breadcrumblist\"},\"author\":{\"@id\":\"https:\\\/\\\/saheltv.tn\\\/?author=2#author\"},\"creator\":{\"@id\":\"https:\\\/\\\/saheltv.tn\\\/?author=2#author\"},\"image\":{\"@type\":\"ImageObject\",\"url\":\"https:\\\/\\\/saheltv.tn\\\/wp-content\\\/uploads\\\/2016\\\/05\\\/28-05-2016-1.jpg\",\"@id\":\"https:\\\/\\\/saheltv.tn\\\/?p=12182&lang=fr\\\/#mainImage\",\"width\":1280,\"height\":720},\"primaryImageOfPage\":{\"@id\":\"https:\\\/\\\/saheltv.tn\\\/?p=12182&lang=fr#mainImage\"},\"datePublished\":\"2016-05-31T18:09:41+01:00\",\"dateModified\":\"2016-06-02T09:17:04+01:00\"},{\"@type\":\"WebSite\",\"@id\":\"https:\\\/\\\/saheltv.tn\\\/#website\",\"url\":\"https:\\\/\\\/saheltv.tn\\\/\",\"name\":\"Sahel TV | \\u0642\\u0646\\u0627\\u0629 \\u0635\\u0648\\u062a \\u0627\\u0644\\u0633\\u0627\\u062d\\u0644 \\u0627\\u0644\\u062a\\u0648\\u0646\\u0633\\u064a\",\"description\":\"STV\",\"inLanguage\":\"fr-FR\",\"publisher\":{\"@id\":\"https:\\\/\\\/saheltv.tn\\\/#organization\"}}]}\n\t\t<\/script>\n\t\t<!-- All in One SEO -->\n\n","aioseo_head_json":{"title":"Cl\u00f4ture de salon internationale du tourisme 28-05-2016 | Sahel TV | \u0642\u0646\u0627\u0629 \u0635\u0648\u062a \u0627\u0644\u0633\u0627\u062d\u0644 \u0627\u0644\u062a\u0648\u0646\u0633\u064a","description":"Ev\u00e9nements s\u2019int\u00e9resse aux \u00e9v\u00e9nements r\u00e9gionaux,elle maintient \u00e0 les suivre et les traiter du point de vue des citoyens de la r\u00e9gion du Sahel ... Cl\u00f4ture de salon internationale du tourisme avec la pr\u00e9sence de ministre de transport https:\/\/www.youtube.com\/watch?v=JLgzLiVbfWk","canonical_url":"https:\/\/saheltv.tn\/?p=12182&lang=fr","robots":"max-image-preview:large","keywords":"","webmasterTools":{"google-site-verification":"m6pGghRba1KF4JvMPeoEySgRHpQVZ-8-4pC5HKi6D64","msvalidate.01":"13F368D2E48C4509EA9F820CFF94B827","p:domain_verify":"26b0c8efa5f280d2e1048f12f4f1084b","miscellaneous":""},"schema":{"@context":"https:\/\/schema.org","@graph":[{"@type":"Article","@id":"https:\/\/saheltv.tn\/?p=12182&lang=fr#article","name":"Cl\u00f4ture de salon internationale du tourisme 28-05-2016 | Sahel TV | \u0642\u0646\u0627\u0629 \u0635\u0648\u062a \u0627\u0644\u0633\u0627\u062d\u0644 \u0627\u0644\u062a\u0648\u0646\u0633\u064a","headline":"Cl\u00f4ture de salon internationale du tourisme 28-05-2016","author":{"@id":"https:\/\/saheltv.tn\/?author=2#author"},"publisher":{"@id":"https:\/\/saheltv.tn\/#organization"},"image":{"@type":"ImageObject","url":"https:\/\/saheltv.tn\/wp-content\/uploads\/2016\/05\/28-05-2016-1.jpg","width":1280,"height":720},"datePublished":"2016-05-31T18:09:41+01:00","dateModified":"2016-06-02T09:17:04+01:00","inLanguage":"fr-FR","mainEntityOfPage":{"@id":"https:\/\/saheltv.tn\/?p=12182&lang=fr#webpage"},"isPartOf":{"@id":"https:\/\/saheltv.tn\/?p=12182&lang=fr#webpage"},"articleSection":"Ev\u00e9nements, Vid\u00e9o, Fran\u00e7ais, pll_574dc555d1528"},{"@type":"BreadcrumbList","@id":"https:\/\/saheltv.tn\/?p=12182&lang=fr#breadcrumblist","itemListElement":[{"@type":"ListItem","@id":"https:\/\/saheltv.tn#listItem","position":1,"name":"Home","item":"https:\/\/saheltv.tn","nextItem":{"@type":"ListItem","@id":"https:\/\/saheltv.tn\/?cat=6&lang=fr#listItem","name":"Emissions"}},{"@type":"ListItem","@id":"https:\/\/saheltv.tn\/?cat=6&lang=fr#listItem","position":2,"name":"Emissions","item":"https:\/\/saheltv.tn\/?cat=6&lang=fr","nextItem":{"@type":"ListItem","@id":"https:\/\/saheltv.tn\/?cat=70&lang=fr#listItem","name":"Ev\u00e9nements"},"previousItem":{"@type":"ListItem","@id":"https:\/\/saheltv.tn#listItem","name":"Home"}},{"@type":"ListItem","@id":"https:\/\/saheltv.tn\/?cat=70&lang=fr#listItem","position":3,"name":"Ev\u00e9nements","item":"https:\/\/saheltv.tn\/?cat=70&lang=fr","nextItem":{"@type":"ListItem","@id":"https:\/\/saheltv.tn\/?p=12182&lang=fr#listItem","name":"Cl\u00f4ture de salon internationale du tourisme 28-05-2016"},"previousItem":{"@type":"ListItem","@id":"https:\/\/saheltv.tn\/?cat=6&lang=fr#listItem","name":"Emissions"}},{"@type":"ListItem","@id":"https:\/\/saheltv.tn\/?p=12182&lang=fr#listItem","position":4,"name":"Cl\u00f4ture de salon internationale du tourisme 28-05-2016","previousItem":{"@type":"ListItem","@id":"https:\/\/saheltv.tn\/?cat=70&lang=fr#listItem","name":"Ev\u00e9nements"}}]},{"@type":"Organization","@id":"https:\/\/saheltv.tn\/#organization","name":"Sahel TV | \u0642\u0646\u0627\u0629 \u0635\u0648\u062a \u0627\u0644\u0633\u0627\u062d\u0644 \u0627\u0644\u062a\u0648\u0646\u0633\u064a","description":"STV","url":"https:\/\/saheltv.tn\/"},{"@type":"Person","@id":"https:\/\/saheltv.tn\/?author=2#author","url":"https:\/\/saheltv.tn\/?author=2","name":"Manager Sousse TV"},{"@type":"WebPage","@id":"https:\/\/saheltv.tn\/?p=12182&lang=fr#webpage","url":"https:\/\/saheltv.tn\/?p=12182&lang=fr","name":"Cl\u00f4ture de salon internationale du tourisme 28-05-2016 | Sahel TV | \u0642\u0646\u0627\u0629 \u0635\u0648\u062a \u0627\u0644\u0633\u0627\u062d\u0644 \u0627\u0644\u062a\u0648\u0646\u0633\u064a","description":"Ev\u00e9nements s\u2019int\u00e9resse aux \u00e9v\u00e9nements r\u00e9gionaux,elle maintient \u00e0 les suivre et les traiter du point de vue des citoyens de la r\u00e9gion du Sahel ... Cl\u00f4ture de salon internationale du tourisme avec la pr\u00e9sence de ministre de transport https:\/\/www.youtube.com\/watch?v=JLgzLiVbfWk","inLanguage":"fr-FR","isPartOf":{"@id":"https:\/\/saheltv.tn\/#website"},"breadcrumb":{"@id":"https:\/\/saheltv.tn\/?p=12182&lang=fr#breadcrumblist"},"author":{"@id":"https:\/\/saheltv.tn\/?author=2#author"},"creator":{"@id":"https:\/\/saheltv.tn\/?author=2#author"},"image":{"@type":"ImageObject","url":"https:\/\/saheltv.tn\/wp-content\/uploads\/2016\/05\/28-05-2016-1.jpg","@id":"https:\/\/saheltv.tn\/?p=12182&lang=fr\/#mainImage","width":1280,"height":720},"primaryImageOfPage":{"@id":"https:\/\/saheltv.tn\/?p=12182&lang=fr#mainImage"},"datePublished":"2016-05-31T18:09:41+01:00","dateModified":"2016-06-02T09:17:04+01:00"},{"@type":"WebSite","@id":"https:\/\/saheltv.tn\/#website","url":"https:\/\/saheltv.tn\/","name":"Sahel TV | \u0642\u0646\u0627\u0629 \u0635\u0648\u062a \u0627\u0644\u0633\u0627\u062d\u0644 \u0627\u0644\u062a\u0648\u0646\u0633\u064a","description":"STV","inLanguage":"fr-FR","publisher":{"@id":"https:\/\/saheltv.tn\/#organization"}}]},"og:locale":"fr_FR","og:site_name":"Sahel TV | \u0642\u0646\u0627\u0629 \u0635\u0648\u062a \u0627\u0644\u0633\u0627\u062d\u0644 \u0627\u0644\u062a\u0648\u0646\u0633\u064a","og:type":"article","og:title":"Cl\u00f4ture de salon internationale du tourisme 28-05-2016 | Sahel TV | \u0642\u0646\u0627\u0629 \u0635\u0648\u062a \u0627\u0644\u0633\u0627\u062d\u0644 \u0627\u0644\u062a\u0648\u0646\u0633\u064a","og:description":"Ev\u00e9nements s\u2019int\u00e9resse aux \u00e9v\u00e9nements r\u00e9gionaux,elle maintient \u00e0 les suivre et les traiter du point de vue des citoyens de la r\u00e9gion du Sahel ... Cl\u00f4ture de salon internationale du tourisme avec la pr\u00e9sence de ministre de transport https:\/\/www.youtube.com\/watch?v=JLgzLiVbfWk","og:url":"https:\/\/saheltv.tn\/?p=12182&#038;lang=fr","og:image":"https:\/\/saheltv.tn\/wp-content\/uploads\/2016\/05\/28-05-2016-1.jpg","og:image:secure_url":"https:\/\/saheltv.tn\/wp-content\/uploads\/2016\/05\/28-05-2016-1.jpg","og:image:width":1280,"og:image:height":720,"article:tag":["ev\u00e9nements"],"article:published_time":"2016-05-31T17:09:41+00:00","article:modified_time":"2016-06-02T08:17:04+00:00","twitter:card":"summary","twitter:title":"Cl\u00f4ture de salon internationale du tourisme 28-05-2016 | Sahel TV | \u0642\u0646\u0627\u0629 \u0635\u0648\u062a \u0627\u0644\u0633\u0627\u062d\u0644 \u0627\u0644\u062a\u0648\u0646\u0633\u064a","twitter:description":"Ev\u00e9nements s\u2019int\u00e9resse aux \u00e9v\u00e9nements r\u00e9gionaux,elle maintient \u00e0 les suivre et les traiter du point de vue des citoyens de la r\u00e9gion du Sahel ... Cl\u00f4ture de salon internationale du tourisme avec la pr\u00e9sence de ministre de transport https:\/\/www.youtube.com\/watch?v=JLgzLiVbfWk","twitter:image":"https:\/\/saheltv.tn\/wp-content\/uploads\/2016\/05\/28-05-2016-1.jpg"},"aioseo_meta_data":{"post_id":"12182","title":null,"description":null,"keywords":null,"keyphrases":null,"primary_term":null,"canonical_url":null,"og_title":null,"og_description":null,"og_object_type":"default","og_image_type":"default","og_image_url":null,"og_image_width":null,"og_image_height":null,"og_image_custom_url":null,"og_image_custom_fields":null,"og_video":null,"og_custom_url":null,"og_article_section":null,"og_article_tags":null,"twitter_use_og":false,"twitter_card":"default","twitter_image_type":"default","twitter_image_url":null,"twitter_image_custom_url":null,"twitter_image_custom_fields":null,"twitter_title":null,"twitter_description":null,"schema":{"blockGraphs":[],"customGraphs":[],"default":{"data":{"Article":[],"Course":[],"Dataset":[],"FAQPage":[],"Movie":[],"Person":[],"Product":[],"ProductReview":[],"Car":[],"Recipe":[],"Service":[],"SoftwareApplication":[],"WebPage":[]},"graphName":"Article","isEnabled":true},"graphs":[]},"schema_type":null,"schema_type_options":null,"pillar_content":false,"robots_default":true,"robots_noindex":false,"robots_noarchive":false,"robots_nosnippet":false,"robots_nofollow":false,"robots_noimageindex":false,"robots_noodp":false,"robots_notranslate":false,"robots_max_snippet":null,"robots_max_videopreview":null,"robots_max_imagepreview":"large","priority":null,"frequency":null,"location":null,"local_seo":null,"breadcrumb_settings":null,"limit_modified_date":false,"ai":null,"created":"2020-12-29 14:48:45","updated":"2023-08-15 10:49:21","seo_analyzer_scan_date":null},"_links":{"self":[{"href":"https:\/\/saheltv.tn\/index.php?rest_route=\/wp\/v2\/posts\/12182","targetHints":{"allow":["GET"]}}],"collection":[{"href":"https:\/\/saheltv.tn\/index.php?rest_route=\/wp\/v2\/posts"}],"about":[{"href":"https:\/\/saheltv.tn\/index.php?rest_route=\/wp\/v2\/types\/post"}],"author":[{"embeddable":true,"href":"https:\/\/saheltv.tn\/index.php?rest_route=\/wp\/v2\/users\/2"}],"replies":[{"embeddable":true,"href":"https:\/\/saheltv.tn\/index.php?rest_route=%2Fwp%2Fv2%2Fcomments&post=12182"}],"version-history":[{"count":0,"href":"https:\/\/saheltv.tn\/index.php?rest_route=\/wp\/v2\/posts\/12182\/revisions"}],"wp:featuredmedia":[{"embeddable":true,"href":"https:\/\/saheltv.tn\/index.php?rest_route=\/wp\/v2\/media\/12181"}],"wp:attachment":[{"href":"https:\/\/saheltv.tn\/index.php?rest_route=%2Fwp%2Fv2%2Fmedia&parent=12182"}],"wp:term":[{"taxonomy":"category","embeddable":true,"href":"https:\/\/saheltv.tn\/index.php?rest_route=%2Fwp%2Fv2%2Fcategories&post=12182"},{"taxonomy":"post_tag","embeddable":true,"href":"https:\/\/saheltv.tn\/index.php?rest_route=%2Fwp%2Fv2%2Ftags&post=12182"}],"curies":[{"name":"wp","href":"https:\/\/api.w.org\/{rel}","templated":true}]}}