{"id":12045,"date":"2016-05-30T15:22:57","date_gmt":"2016-05-30T14:22:57","guid":{"rendered":"http:\/\/saheltv.tn\/?p=12045"},"modified":"2016-05-31T08:46:08","modified_gmt":"2016-05-31T07:46:08","slug":"problemes-zone-wled-ben-aoun-kalaa-sghira","status":"publish","type":"post","link":"https:\/\/saheltv.tn\/?p=12045&lang=fr","title":{"rendered":"Les probl\u00e8mes de la zone de Wled Ben Aoun kalaa Sghira"},"content":{"rendered":"<p style=\"line-height: 25px; text-align: justify;\"><strong>\u00c9mission Reportages<\/strong> est dans le cadre de suivi des \u00e9v\u00e9nements, des pr\u00e9occupations des citoyens et des sujets d\u2019actualit\u00e9 de la r\u00e9gion du Sahel&#8230;<strong>Les probl\u00e8mes de la zone de Wled Ben Aoun kalaa Sghira <\/strong><\/p>\n<p><iframe title=\"\u0623\u0647\u0645 \u0645\u0634\u0627\u0643\u0644 \u0648 \u0625\u062d\u062a\u064a\u0627\u062c\u0627\u062a \u0645\u0646\u0637\u0642\u0629 \u0623\u0648\u0644\u0627\u062f \u0628\u0646 \u0639\u0648\u0646 \u0628\u0627\u0644\u0642\u0644\u0639\u0629 \u0627\u0644\u0635\u063a\u0631\u0649 \u0633\u0648\u0633\u0629 10-05-2016\" width=\"1320\" height=\"743\" src=\"https:\/\/www.youtube.com\/embed\/vt2lyHPYn2w?feature=oembed\" frameborder=\"0\" allow=\"accelerometer; autoplay; clipboard-write; encrypted-media; gyroscope; picture-in-picture; web-share\" allowfullscreen><\/iframe><script type=\"application\/json\" data-arve-oembed>{\"title\":\"\u0623\u0647\u0645 \u0645\u0634\u0627\u0643\u0644 \u0648 \u0625\u062d\u062a\u064a\u0627\u062c\u0627\u062a \u0645\u0646\u0637\u0642\u0629 \u0623\u0648\u0644\u0627\u062f \u0628\u0646 \u0639\u0648\u0646 \u0628\u0627\u0644\u0642\u0644\u0639\u0629 \u0627\u0644\u0635\u063a\u0631\u0649 \u0633\u0648\u0633\u0629 10-05-2016\",\"author_name\":\"Replay\",\"author_url\":\"https:\/\/www.youtube.com\/@SahelTunisianVoice\",\"type\":\"video\",\"height\":\"743\",\"width\":\"1320\",\"version\":\"1.0\",\"provider_name\":\"YouTube\",\"provider_url\":\"https:\/\/www.youtube.com\/\",\"thumbnail_height\":\"360\",\"thumbnail_width\":\"480\",\"thumbnail_url\":\"https:\/\/i.ytimg.com\/vi\/vt2lyHPYn2w\/hqdefault.jpg\",\"html\":\"&lt;iframe width=&quot;1320&quot; height=&quot;743&quot; src=&quot;https:\/\/www.youtube.com\/embed\/vt2lyHPYn2w?feature=oembed&quot; frameborder=&quot;0&quot; allow=&quot;accelerometer; autoplay; clipboard-write; encrypted-media; gyroscope; picture-in-picture; web-share&quot; allowfullscreen title=&quot;\u0623\u0647\u0645 \u0645\u0634\u0627\u0643\u0644 \u0648 \u0625\u062d\u062a\u064a\u0627\u062c\u0627\u062a \u0645\u0646\u0637\u0642\u0629 \u0623\u0648\u0644\u0627\u062f \u0628\u0646 \u0639\u0648\u0646 \u0628\u0627\u0644\u0642\u0644\u0639\u0629 \u0627\u0644\u0635\u063a\u0631\u0649 \u0633\u0648\u0633\u0629 10-05-2016&quot;&gt;&lt;\/iframe&gt;\",\"arve_cachetime\":\"2023-08-18 15:13:23\",\"arve_url\":\"https:\/\/www.youtube.com\/watch?v=vt2lyHPYn2w\",\"arve_srcset\":\"https:\/\/i.ytimg.com\/vi\/vt2lyHPYn2w\/mqdefault.jpg 320w, https:\/\/i.ytimg.com\/vi\/vt2lyHPYn2w\/hqdefault.jpg 480w, https:\/\/i.ytimg.com\/vi\/vt2lyHPYn2w\/sddefault.jpg 640w, https:\/\/i.ytimg.com\/vi\/vt2lyHPYn2w\/maxresdefault.jpg 1280w\"}<\/script><\/p>\n","protected":false},"excerpt":{"rendered":"<p>\u00c9mission Reportages est dans le cadre de suivi des \u00e9v\u00e9nements, des pr\u00e9occupations des citoyens et des sujets d\u2019actualit\u00e9 de la r\u00e9gion du Sahel&#8230;Les probl\u00e8mes de la zone de Wled Ben Aoun kalaa Sghira<\/p>\n","protected":false},"author":2,"featured_media":12044,"comment_status":"closed","ping_status":"closed","sticky":false,"template":"","format":"video","meta":{"footnotes":""},"categories":[84],"tags":[],"class_list":["post-12045","post","type-post","status-publish","format-video","has-post-thumbnail","hentry","category-reportages","post_format-post-format-video"],"aioseo_notices":[],"aioseo_head":"\n\t\t<!-- All in One SEO 4.9.9 - aioseo.com -->\n\t<meta name=\"description\" content=\"\u00c9mission Reportages est dans le cadre de suivi des \u00e9v\u00e9nements, des pr\u00e9occupations des citoyens et des sujets d\u2019actualit\u00e9 de la r\u00e9gion du Sahel...Les probl\u00e8mes de la zone de Wled Ben Aoun kalaa Sghira https:\/\/www.youtube.com\/watch?v=vt2lyHPYn2w\" \/>\n\t<meta name=\"robots\" content=\"max-image-preview:large\" \/>\n\t<meta name=\"author\" content=\"Manager Sousse TV\"\/>\n\t<meta name=\"google-site-verification\" content=\"m6pGghRba1KF4JvMPeoEySgRHpQVZ-8-4pC5HKi6D64\" \/>\n\t<meta name=\"msvalidate.01\" content=\"13F368D2E48C4509EA9F820CFF94B827\" \/>\n\t<meta name=\"p:domain_verify\" content=\"26b0c8efa5f280d2e1048f12f4f1084b\" \/>\n\t<link rel=\"canonical\" href=\"https:\/\/saheltv.tn\/?p=12045&#038;lang=fr\" \/>\n\t<meta name=\"generator\" content=\"All in One SEO (AIOSEO) 4.9.9\" \/>\n\t\t<meta property=\"og:locale\" content=\"fr_FR\" \/>\n\t\t<meta property=\"og:site_name\" content=\"Sahel TV | \u0642\u0646\u0627\u0629 \u0635\u0648\u062a \u0627\u0644\u0633\u0627\u062d\u0644 \u0627\u0644\u062a\u0648\u0646\u0633\u064a\" \/>\n\t\t<meta property=\"og:type\" content=\"article\" \/>\n\t\t<meta property=\"og:title\" content=\"Les probl\u00e8mes de la zone de Wled Ben Aoun kalaa Sghira | Sahel TV | \u0642\u0646\u0627\u0629 \u0635\u0648\u062a \u0627\u0644\u0633\u0627\u062d\u0644 \u0627\u0644\u062a\u0648\u0646\u0633\u064a\" \/>\n\t\t<meta property=\"og:description\" content=\"\u00c9mission Reportages est dans le cadre de suivi des \u00e9v\u00e9nements, des pr\u00e9occupations des citoyens et des sujets d\u2019actualit\u00e9 de la r\u00e9gion du Sahel...Les probl\u00e8mes de la zone de Wled Ben Aoun kalaa Sghira https:\/\/www.youtube.com\/watch?v=vt2lyHPYn2w\" \/>\n\t\t<meta property=\"og:url\" content=\"https:\/\/saheltv.tn\/?p=12045&#038;lang=fr\" \/>\n\t\t<meta property=\"og:image\" content=\"https:\/\/saheltv.tn\/wp-content\/uploads\/2016\/05\/maxresdefault-57.jpg\" \/>\n\t\t<meta property=\"og:image:secure_url\" content=\"https:\/\/saheltv.tn\/wp-content\/uploads\/2016\/05\/maxresdefault-57.jpg\" \/>\n\t\t<meta property=\"og:image:width\" content=\"1280\" \/>\n\t\t<meta property=\"og:image:height\" content=\"720\" \/>\n\t\t<meta property=\"article:tag\" content=\"reportages\" \/>\n\t\t<meta property=\"article:published_time\" content=\"2016-05-30T14:22:57+00:00\" \/>\n\t\t<meta property=\"article:modified_time\" content=\"2016-05-31T07:46:08+00:00\" \/>\n\t\t<meta name=\"twitter:card\" content=\"summary\" \/>\n\t\t<meta name=\"twitter:title\" content=\"Les probl\u00e8mes de la zone de Wled Ben Aoun kalaa Sghira | Sahel TV | \u0642\u0646\u0627\u0629 \u0635\u0648\u062a \u0627\u0644\u0633\u0627\u062d\u0644 \u0627\u0644\u062a\u0648\u0646\u0633\u064a\" \/>\n\t\t<meta name=\"twitter:description\" content=\"\u00c9mission Reportages est dans le cadre de suivi des \u00e9v\u00e9nements, des pr\u00e9occupations des citoyens et des sujets d\u2019actualit\u00e9 de la r\u00e9gion du Sahel...Les probl\u00e8mes de la zone de Wled Ben Aoun kalaa Sghira https:\/\/www.youtube.com\/watch?v=vt2lyHPYn2w\" \/>\n\t\t<meta name=\"twitter:image\" content=\"https:\/\/saheltv.tn\/wp-content\/uploads\/2016\/05\/maxresdefault-57.jpg\" \/>\n\t\t<script type=\"application\/ld+json\" class=\"aioseo-schema\">\n\t\t\t{\"@context\":\"https:\\\/\\\/schema.org\",\"@graph\":[{\"@type\":\"Article\",\"@id\":\"https:\\\/\\\/saheltv.tn\\\/?p=12045&lang=fr#article\",\"name\":\"Les probl\\u00e8mes de la zone de Wled Ben Aoun kalaa Sghira | Sahel TV | \\u0642\\u0646\\u0627\\u0629 \\u0635\\u0648\\u062a \\u0627\\u0644\\u0633\\u0627\\u062d\\u0644 \\u0627\\u0644\\u062a\\u0648\\u0646\\u0633\\u064a\",\"headline\":\"Les probl\\u00e8mes de la zone de Wled Ben Aoun kalaa Sghira\",\"author\":{\"@id\":\"https:\\\/\\\/saheltv.tn\\\/?author=2#author\"},\"publisher\":{\"@id\":\"https:\\\/\\\/saheltv.tn\\\/#organization\"},\"image\":{\"@type\":\"ImageObject\",\"url\":\"https:\\\/\\\/saheltv.tn\\\/wp-content\\\/uploads\\\/2016\\\/05\\\/maxresdefault-57.jpg\",\"width\":1280,\"height\":720,\"caption\":\"Les probl\\u00e8mes de la zone de Wled Ben Aoun kalaa Sghira\"},\"datePublished\":\"2016-05-30T15:22:57+01:00\",\"dateModified\":\"2016-05-31T08:46:08+01:00\",\"inLanguage\":\"fr-FR\",\"mainEntityOfPage\":{\"@id\":\"https:\\\/\\\/saheltv.tn\\\/?p=12045&lang=fr#webpage\"},\"isPartOf\":{\"@id\":\"https:\\\/\\\/saheltv.tn\\\/?p=12045&lang=fr#webpage\"},\"articleSection\":\"Reportages, Vid\\u00e9o, Fran\\u00e7ais, pll_574c4cc1d60f0\"},{\"@type\":\"BreadcrumbList\",\"@id\":\"https:\\\/\\\/saheltv.tn\\\/?p=12045&lang=fr#breadcrumblist\",\"itemListElement\":[{\"@type\":\"ListItem\",\"@id\":\"https:\\\/\\\/saheltv.tn#listItem\",\"position\":1,\"name\":\"Home\",\"item\":\"https:\\\/\\\/saheltv.tn\",\"nextItem\":{\"@type\":\"ListItem\",\"@id\":\"https:\\\/\\\/saheltv.tn\\\/?cat=6&lang=fr#listItem\",\"name\":\"Emissions\"}},{\"@type\":\"ListItem\",\"@id\":\"https:\\\/\\\/saheltv.tn\\\/?cat=6&lang=fr#listItem\",\"position\":2,\"name\":\"Emissions\",\"item\":\"https:\\\/\\\/saheltv.tn\\\/?cat=6&lang=fr\",\"nextItem\":{\"@type\":\"ListItem\",\"@id\":\"https:\\\/\\\/saheltv.tn\\\/?cat=84&lang=fr#listItem\",\"name\":\"Reportages\"},\"previousItem\":{\"@type\":\"ListItem\",\"@id\":\"https:\\\/\\\/saheltv.tn#listItem\",\"name\":\"Home\"}},{\"@type\":\"ListItem\",\"@id\":\"https:\\\/\\\/saheltv.tn\\\/?cat=84&lang=fr#listItem\",\"position\":3,\"name\":\"Reportages\",\"item\":\"https:\\\/\\\/saheltv.tn\\\/?cat=84&lang=fr\",\"nextItem\":{\"@type\":\"ListItem\",\"@id\":\"https:\\\/\\\/saheltv.tn\\\/?p=12045&lang=fr#listItem\",\"name\":\"Les probl\\u00e8mes de la zone de Wled Ben Aoun kalaa Sghira\"},\"previousItem\":{\"@type\":\"ListItem\",\"@id\":\"https:\\\/\\\/saheltv.tn\\\/?cat=6&lang=fr#listItem\",\"name\":\"Emissions\"}},{\"@type\":\"ListItem\",\"@id\":\"https:\\\/\\\/saheltv.tn\\\/?p=12045&lang=fr#listItem\",\"position\":4,\"name\":\"Les probl\\u00e8mes de la zone de Wled Ben Aoun kalaa Sghira\",\"previousItem\":{\"@type\":\"ListItem\",\"@id\":\"https:\\\/\\\/saheltv.tn\\\/?cat=84&lang=fr#listItem\",\"name\":\"Reportages\"}}]},{\"@type\":\"Organization\",\"@id\":\"https:\\\/\\\/saheltv.tn\\\/#organization\",\"name\":\"Sahel TV | \\u0642\\u0646\\u0627\\u0629 \\u0635\\u0648\\u062a \\u0627\\u0644\\u0633\\u0627\\u062d\\u0644 \\u0627\\u0644\\u062a\\u0648\\u0646\\u0633\\u064a\",\"description\":\"STV\",\"url\":\"https:\\\/\\\/saheltv.tn\\\/\"},{\"@type\":\"Person\",\"@id\":\"https:\\\/\\\/saheltv.tn\\\/?author=2#author\",\"url\":\"https:\\\/\\\/saheltv.tn\\\/?author=2\",\"name\":\"Manager Sousse TV\"},{\"@type\":\"WebPage\",\"@id\":\"https:\\\/\\\/saheltv.tn\\\/?p=12045&lang=fr#webpage\",\"url\":\"https:\\\/\\\/saheltv.tn\\\/?p=12045&lang=fr\",\"name\":\"Les probl\\u00e8mes de la zone de Wled Ben Aoun kalaa Sghira | Sahel TV | \\u0642\\u0646\\u0627\\u0629 \\u0635\\u0648\\u062a \\u0627\\u0644\\u0633\\u0627\\u062d\\u0644 \\u0627\\u0644\\u062a\\u0648\\u0646\\u0633\\u064a\",\"description\":\"\\u00c9mission Reportages est dans le cadre de suivi des \\u00e9v\\u00e9nements, des pr\\u00e9occupations des citoyens et des sujets d\\u2019actualit\\u00e9 de la r\\u00e9gion du Sahel...Les probl\\u00e8mes de la zone de Wled Ben Aoun kalaa Sghira https:\\\/\\\/www.youtube.com\\\/watch?v=vt2lyHPYn2w\",\"inLanguage\":\"fr-FR\",\"isPartOf\":{\"@id\":\"https:\\\/\\\/saheltv.tn\\\/#website\"},\"breadcrumb\":{\"@id\":\"https:\\\/\\\/saheltv.tn\\\/?p=12045&lang=fr#breadcrumblist\"},\"author\":{\"@id\":\"https:\\\/\\\/saheltv.tn\\\/?author=2#author\"},\"creator\":{\"@id\":\"https:\\\/\\\/saheltv.tn\\\/?author=2#author\"},\"image\":{\"@type\":\"ImageObject\",\"url\":\"https:\\\/\\\/saheltv.tn\\\/wp-content\\\/uploads\\\/2016\\\/05\\\/maxresdefault-57.jpg\",\"@id\":\"https:\\\/\\\/saheltv.tn\\\/?p=12045&lang=fr\\\/#mainImage\",\"width\":1280,\"height\":720,\"caption\":\"Les probl\\u00e8mes de la zone de Wled Ben Aoun kalaa Sghira\"},\"primaryImageOfPage\":{\"@id\":\"https:\\\/\\\/saheltv.tn\\\/?p=12045&lang=fr#mainImage\"},\"datePublished\":\"2016-05-30T15:22:57+01:00\",\"dateModified\":\"2016-05-31T08:46:08+01:00\"},{\"@type\":\"WebSite\",\"@id\":\"https:\\\/\\\/saheltv.tn\\\/#website\",\"url\":\"https:\\\/\\\/saheltv.tn\\\/\",\"name\":\"Sahel TV | \\u0642\\u0646\\u0627\\u0629 \\u0635\\u0648\\u062a \\u0627\\u0644\\u0633\\u0627\\u062d\\u0644 \\u0627\\u0644\\u062a\\u0648\\u0646\\u0633\\u064a\",\"description\":\"STV\",\"inLanguage\":\"fr-FR\",\"publisher\":{\"@id\":\"https:\\\/\\\/saheltv.tn\\\/#organization\"}}]}\n\t\t<\/script>\n\t\t<!-- All in One SEO -->\n\n","aioseo_head_json":{"title":"Les probl\u00e8mes de la zone de Wled Ben Aoun kalaa Sghira | Sahel TV | \u0642\u0646\u0627\u0629 \u0635\u0648\u062a \u0627\u0644\u0633\u0627\u062d\u0644 \u0627\u0644\u062a\u0648\u0646\u0633\u064a","description":"\u00c9mission Reportages est dans le cadre de suivi des \u00e9v\u00e9nements, des pr\u00e9occupations des citoyens et des sujets d\u2019actualit\u00e9 de la r\u00e9gion du Sahel...Les probl\u00e8mes de la zone de Wled Ben Aoun kalaa Sghira https:\/\/www.youtube.com\/watch?v=vt2lyHPYn2w","canonical_url":"https:\/\/saheltv.tn\/?p=12045&lang=fr","robots":"max-image-preview:large","keywords":"","webmasterTools":{"google-site-verification":"m6pGghRba1KF4JvMPeoEySgRHpQVZ-8-4pC5HKi6D64","msvalidate.01":"13F368D2E48C4509EA9F820CFF94B827","p:domain_verify":"26b0c8efa5f280d2e1048f12f4f1084b","miscellaneous":""},"schema":{"@context":"https:\/\/schema.org","@graph":[{"@type":"Article","@id":"https:\/\/saheltv.tn\/?p=12045&lang=fr#article","name":"Les probl\u00e8mes de la zone de Wled Ben Aoun kalaa Sghira | Sahel TV | \u0642\u0646\u0627\u0629 \u0635\u0648\u062a \u0627\u0644\u0633\u0627\u062d\u0644 \u0627\u0644\u062a\u0648\u0646\u0633\u064a","headline":"Les probl\u00e8mes de la zone de Wled Ben Aoun kalaa Sghira","author":{"@id":"https:\/\/saheltv.tn\/?author=2#author"},"publisher":{"@id":"https:\/\/saheltv.tn\/#organization"},"image":{"@type":"ImageObject","url":"https:\/\/saheltv.tn\/wp-content\/uploads\/2016\/05\/maxresdefault-57.jpg","width":1280,"height":720,"caption":"Les probl\u00e8mes de la zone de Wled Ben Aoun kalaa Sghira"},"datePublished":"2016-05-30T15:22:57+01:00","dateModified":"2016-05-31T08:46:08+01:00","inLanguage":"fr-FR","mainEntityOfPage":{"@id":"https:\/\/saheltv.tn\/?p=12045&lang=fr#webpage"},"isPartOf":{"@id":"https:\/\/saheltv.tn\/?p=12045&lang=fr#webpage"},"articleSection":"Reportages, Vid\u00e9o, Fran\u00e7ais, pll_574c4cc1d60f0"},{"@type":"BreadcrumbList","@id":"https:\/\/saheltv.tn\/?p=12045&lang=fr#breadcrumblist","itemListElement":[{"@type":"ListItem","@id":"https:\/\/saheltv.tn#listItem","position":1,"name":"Home","item":"https:\/\/saheltv.tn","nextItem":{"@type":"ListItem","@id":"https:\/\/saheltv.tn\/?cat=6&lang=fr#listItem","name":"Emissions"}},{"@type":"ListItem","@id":"https:\/\/saheltv.tn\/?cat=6&lang=fr#listItem","position":2,"name":"Emissions","item":"https:\/\/saheltv.tn\/?cat=6&lang=fr","nextItem":{"@type":"ListItem","@id":"https:\/\/saheltv.tn\/?cat=84&lang=fr#listItem","name":"Reportages"},"previousItem":{"@type":"ListItem","@id":"https:\/\/saheltv.tn#listItem","name":"Home"}},{"@type":"ListItem","@id":"https:\/\/saheltv.tn\/?cat=84&lang=fr#listItem","position":3,"name":"Reportages","item":"https:\/\/saheltv.tn\/?cat=84&lang=fr","nextItem":{"@type":"ListItem","@id":"https:\/\/saheltv.tn\/?p=12045&lang=fr#listItem","name":"Les probl\u00e8mes de la zone de Wled Ben Aoun kalaa Sghira"},"previousItem":{"@type":"ListItem","@id":"https:\/\/saheltv.tn\/?cat=6&lang=fr#listItem","name":"Emissions"}},{"@type":"ListItem","@id":"https:\/\/saheltv.tn\/?p=12045&lang=fr#listItem","position":4,"name":"Les probl\u00e8mes de la zone de Wled Ben Aoun kalaa Sghira","previousItem":{"@type":"ListItem","@id":"https:\/\/saheltv.tn\/?cat=84&lang=fr#listItem","name":"Reportages"}}]},{"@type":"Organization","@id":"https:\/\/saheltv.tn\/#organization","name":"Sahel TV | \u0642\u0646\u0627\u0629 \u0635\u0648\u062a \u0627\u0644\u0633\u0627\u062d\u0644 \u0627\u0644\u062a\u0648\u0646\u0633\u064a","description":"STV","url":"https:\/\/saheltv.tn\/"},{"@type":"Person","@id":"https:\/\/saheltv.tn\/?author=2#author","url":"https:\/\/saheltv.tn\/?author=2","name":"Manager Sousse TV"},{"@type":"WebPage","@id":"https:\/\/saheltv.tn\/?p=12045&lang=fr#webpage","url":"https:\/\/saheltv.tn\/?p=12045&lang=fr","name":"Les probl\u00e8mes de la zone de Wled Ben Aoun kalaa Sghira | Sahel TV | \u0642\u0646\u0627\u0629 \u0635\u0648\u062a \u0627\u0644\u0633\u0627\u062d\u0644 \u0627\u0644\u062a\u0648\u0646\u0633\u064a","description":"\u00c9mission Reportages est dans le cadre de suivi des \u00e9v\u00e9nements, des pr\u00e9occupations des citoyens et des sujets d\u2019actualit\u00e9 de la r\u00e9gion du Sahel...Les probl\u00e8mes de la zone de Wled Ben Aoun kalaa Sghira https:\/\/www.youtube.com\/watch?v=vt2lyHPYn2w","inLanguage":"fr-FR","isPartOf":{"@id":"https:\/\/saheltv.tn\/#website"},"breadcrumb":{"@id":"https:\/\/saheltv.tn\/?p=12045&lang=fr#breadcrumblist"},"author":{"@id":"https:\/\/saheltv.tn\/?author=2#author"},"creator":{"@id":"https:\/\/saheltv.tn\/?author=2#author"},"image":{"@type":"ImageObject","url":"https:\/\/saheltv.tn\/wp-content\/uploads\/2016\/05\/maxresdefault-57.jpg","@id":"https:\/\/saheltv.tn\/?p=12045&lang=fr\/#mainImage","width":1280,"height":720,"caption":"Les probl\u00e8mes de la zone de Wled Ben Aoun kalaa Sghira"},"primaryImageOfPage":{"@id":"https:\/\/saheltv.tn\/?p=12045&lang=fr#mainImage"},"datePublished":"2016-05-30T15:22:57+01:00","dateModified":"2016-05-31T08:46:08+01:00"},{"@type":"WebSite","@id":"https:\/\/saheltv.tn\/#website","url":"https:\/\/saheltv.tn\/","name":"Sahel TV | \u0642\u0646\u0627\u0629 \u0635\u0648\u062a \u0627\u0644\u0633\u0627\u062d\u0644 \u0627\u0644\u062a\u0648\u0646\u0633\u064a","description":"STV","inLanguage":"fr-FR","publisher":{"@id":"https:\/\/saheltv.tn\/#organization"}}]},"og:locale":"fr_FR","og:site_name":"Sahel TV | \u0642\u0646\u0627\u0629 \u0635\u0648\u062a \u0627\u0644\u0633\u0627\u062d\u0644 \u0627\u0644\u062a\u0648\u0646\u0633\u064a","og:type":"article","og:title":"Les probl\u00e8mes de la zone de Wled Ben Aoun kalaa Sghira | Sahel TV | \u0642\u0646\u0627\u0629 \u0635\u0648\u062a \u0627\u0644\u0633\u0627\u062d\u0644 \u0627\u0644\u062a\u0648\u0646\u0633\u064a","og:description":"\u00c9mission Reportages est dans le cadre de suivi des \u00e9v\u00e9nements, des pr\u00e9occupations des citoyens et des sujets d\u2019actualit\u00e9 de la r\u00e9gion du Sahel...Les probl\u00e8mes de la zone de Wled Ben Aoun kalaa Sghira https:\/\/www.youtube.com\/watch?v=vt2lyHPYn2w","og:url":"https:\/\/saheltv.tn\/?p=12045&#038;lang=fr","og:image":"https:\/\/saheltv.tn\/wp-content\/uploads\/2016\/05\/maxresdefault-57.jpg","og:image:secure_url":"https:\/\/saheltv.tn\/wp-content\/uploads\/2016\/05\/maxresdefault-57.jpg","og:image:width":1280,"og:image:height":720,"article:tag":["reportages"],"article:published_time":"2016-05-30T14:22:57+00:00","article:modified_time":"2016-05-31T07:46:08+00:00","twitter:card":"summary","twitter:title":"Les probl\u00e8mes de la zone de Wled Ben Aoun kalaa Sghira | Sahel TV | \u0642\u0646\u0627\u0629 \u0635\u0648\u062a \u0627\u0644\u0633\u0627\u062d\u0644 \u0627\u0644\u062a\u0648\u0646\u0633\u064a","twitter:description":"\u00c9mission Reportages est dans le cadre de suivi des \u00e9v\u00e9nements, des pr\u00e9occupations des citoyens et des sujets d\u2019actualit\u00e9 de la r\u00e9gion du Sahel...Les probl\u00e8mes de la zone de Wled Ben Aoun kalaa Sghira https:\/\/www.youtube.com\/watch?v=vt2lyHPYn2w","twitter:image":"https:\/\/saheltv.tn\/wp-content\/uploads\/2016\/05\/maxresdefault-57.jpg"},"aioseo_meta_data":{"post_id":"12045","title":null,"description":null,"keywords":null,"keyphrases":null,"primary_term":null,"canonical_url":null,"og_title":null,"og_description":null,"og_object_type":"default","og_image_type":"default","og_image_url":null,"og_image_width":null,"og_image_height":null,"og_image_custom_url":null,"og_image_custom_fields":null,"og_video":null,"og_custom_url":null,"og_article_section":null,"og_article_tags":null,"twitter_use_og":false,"twitter_card":"default","twitter_image_type":"default","twitter_image_url":null,"twitter_image_custom_url":null,"twitter_image_custom_fields":null,"twitter_title":null,"twitter_description":null,"schema":{"blockGraphs":[],"customGraphs":[],"default":{"data":{"Article":[],"Course":[],"Dataset":[],"FAQPage":[],"Movie":[],"Person":[],"Product":[],"ProductReview":[],"Car":[],"Recipe":[],"Service":[],"SoftwareApplication":[],"WebPage":[]},"graphName":"Article","isEnabled":true},"graphs":[]},"schema_type":null,"schema_type_options":null,"pillar_content":false,"robots_default":true,"robots_noindex":false,"robots_noarchive":false,"robots_nosnippet":false,"robots_nofollow":false,"robots_noimageindex":false,"robots_noodp":false,"robots_notranslate":false,"robots_max_snippet":null,"robots_max_videopreview":null,"robots_max_imagepreview":"large","priority":null,"frequency":null,"location":null,"local_seo":null,"breadcrumb_settings":null,"limit_modified_date":false,"ai":null,"created":"2020-12-29 14:47:50","updated":"2023-08-15 10:49:21","seo_analyzer_scan_date":null},"_links":{"self":[{"href":"https:\/\/saheltv.tn\/index.php?rest_route=\/wp\/v2\/posts\/12045","targetHints":{"allow":["GET"]}}],"collection":[{"href":"https:\/\/saheltv.tn\/index.php?rest_route=\/wp\/v2\/posts"}],"about":[{"href":"https:\/\/saheltv.tn\/index.php?rest_route=\/wp\/v2\/types\/post"}],"author":[{"embeddable":true,"href":"https:\/\/saheltv.tn\/index.php?rest_route=\/wp\/v2\/users\/2"}],"replies":[{"embeddable":true,"href":"https:\/\/saheltv.tn\/index.php?rest_route=%2Fwp%2Fv2%2Fcomments&post=12045"}],"version-history":[{"count":0,"href":"https:\/\/saheltv.tn\/index.php?rest_route=\/wp\/v2\/posts\/12045\/revisions"}],"wp:featuredmedia":[{"embeddable":true,"href":"https:\/\/saheltv.tn\/index.php?rest_route=\/wp\/v2\/media\/12044"}],"wp:attachment":[{"href":"https:\/\/saheltv.tn\/index.php?rest_route=%2Fwp%2Fv2%2Fmedia&parent=12045"}],"wp:term":[{"taxonomy":"category","embeddable":true,"href":"https:\/\/saheltv.tn\/index.php?rest_route=%2Fwp%2Fv2%2Fcategories&post=12045"},{"taxonomy":"post_tag","embeddable":true,"href":"https:\/\/saheltv.tn\/index.php?rest_route=%2Fwp%2Fv2%2Ftags&post=12045"}],"curies":[{"name":"wp","href":"https:\/\/api.w.org\/{rel}","templated":true}]}}